{"id":1798,"global_id":"chateaudhelecine.be\/fr?id=1798","global_id_lineage":["chateaudhelecine.be\/fr?id=1798"],"author":"2","status":"publish","date":"2019-03-29 10:56:36","date_utc":"2019-03-29 10:56:36","modified":"2019-07-03 09:49:54","modified_utc":"2019-07-03 09:49:54","url":"https:\/\/chateaudhelecine.be\/fr\/event\/le-moyen-age-au-chateau-2\/","rest_url":"https:\/\/chateaudhelecine.be\/fr\/wp-json\/tribe\/events\/v1\/events\/1798","title":"Le Moyen-\u00c2ge au Ch\u00e2teau","description":"<p><strong><span lang=\"FR\">ANIMATIONS TOUT AU LONG DE LA JOURNEE \u00e0 partir de 11h<\/span><\/strong><\/p>\n<ul>\n<li><span lang=\"FR\">Vie de campement ouvert au public\u00a0;<\/span><\/li>\n<li><span lang=\"FR\">Animations de campements tels que la cuisine didactique, explication didactique du canon \u00e0 poudre noire, reproduction d\u2019un p\u00eacheur ;<\/span><\/li>\n<li><span lang=\"FR\">Combats courtois, rixes, travail du cuir et de la laine ;<\/span><\/li>\n<li><span lang=\"FR\">D\u00e9monstrations de tir \u00e0 l\u2019arc m\u00e9di\u00e9val ;<\/span><\/li>\n<li><span lang=\"FR\">Fa\u00e7onnage de cordon de Lucette, tissage \u00e0 la carte\u00a0;<\/span><\/li>\n<li><span lang=\"FR\">Initiation et d\u00e9monstration d\u2019archerie, forge;<\/span><\/li>\n<li><span lang=\"FR\">Habillage d\u2019un visiteur au hasard dans le public\u00a0;<\/span><\/li>\n<li><span lang=\"FR\">Atelier conte, histoire de la fl\u00e8che, de l\u2019arc et de la chasse;<\/span><\/li>\n<li><span lang=\"FR\">Stand h\u00e9raldique, apothicairerie;<\/span><\/li>\n<li><span lang=\"FR\">Fabrication de maille, exposition d\u2019archerie ;<\/span><\/li>\n<li><span lang=\"FR\">D\u00e9monstrations de tir au canon (\u00e0 main, bombardes, etc.) ;<\/span><\/li>\n<li><span lang=\"FR\">Divers jeux pour le public\u00a0;<\/span><\/li>\n<li><span lang=\"FR\">March\u00e9 m\u00e9di\u00e9val ;<\/span><\/li>\n<li><span lang=\"FR\">Mus\u00e9e d&rsquo;armes et d&rsquo;armures\u00a0;<\/span><\/li>\n<li><span lang=\"FR\">Cheval de bois, initiation des enfants, lancer du boulet\u00a0;;<\/span><\/li>\n<li><span lang=\"FR\">Groupe de musiciens m\u00e9di\u00e9vaux en d\u00e9ambulatoire;<\/span><\/li>\n<li><span lang=\"FR\">Le Mus\u00e9e d\u2019interpr\u00e9tation arch\u00e9ologique du Brabant wallon proposera gratuitement\u00a0<\/span>le jeu de quilles, anc\u00eatre du bowling ! D\u00e9j\u00e0 pratiqu\u00e9 en Egypte ancienne, il devient la star des jeux de hasard au 14i\u00e8me si\u00e8cle dans toutes les tranches de la population.<\/li>\n<li><span lang=\"FR\">\u00a0<\/span><span lang=\"FR\">Etc.<\/span><\/li>\n<\/ul>\n<p><span lang=\"FR\">\u00a0<\/span><b><span lang=\"FR\">13h00 et 16h00<\/span><\/b><span lang=\"FR\">\u00a0: manche d\u2019un tournoi mondial des joutes \u00e9questres<\/span><\/p>\n<p><b><span lang=\"FR\">Samedi\u00a0 18h00<\/span><\/b><span lang=\"FR\">\u00a0et\u00a0<b>Dimanche 15h00\u00a0:\u00a0<\/b>Organisation d\u2019une grande m\u00eal\u00e9e dans le parc<\/span><\/p>\n<p><b><span lang=\"FR\">Samedi \u00e0 15h00 et 19h00<\/span><\/b><span lang=\"FR\">\u00a0et\u00a0\u00a0<b>dimanche \u00e0 14h00 et 17h30\u00a0:\u00a0<\/b>Spectacle de rapaces<\/span><\/p>","excerpt":"","slug":"le-moyen-age-au-chateau-2","image":false,"all_day":true,"start_date":"2019-07-06 00:00:00","start_date_details":{"year":"2019","month":"07","day":"06","hour":"00","minutes":"00","seconds":"00"},"end_date":"2019-07-07 23:59:59","end_date_details":{"year":"2019","month":"07","day":"07","hour":"23","minutes":"59","seconds":"59"},"utc_start_date":"2019-07-06 00:00:00","utc_start_date_details":{"year":"2019","month":"07","day":"06","hour":"00","minutes":"00","seconds":"00"},"utc_end_date":"2019-07-07 23:59:59","utc_end_date_details":{"year":"2019","month":"07","day":"07","hour":"23","minutes":"59","seconds":"59"},"timezone":"UTC+0","timezone_abbr":"UTC+0","cost":"","cost_details":{"currency_symbol":"","currency_position":"suffix","values":[]},"website":"","show_map":true,"show_map_link":true,"hide_from_listings":false,"sticky":false,"featured":false,"categories":[],"tags":[],"venue":{"id":19,"author":"1","status":"publish","date":"2018-02-27 21:33:24","date_utc":"2018-02-27 21:33:24","modified":"2018-11-13 14:28:07","modified_utc":"2018-11-13 14:28:07","url":"https:\/\/chateaudhelecine.be\/fr\/lieu\/domaine-provincial-dhelecine\/","venue":"Ch\u00e2teau d&rsquo;H\u00e9l\u00e9cine","slug":"domaine-provincial-dhelecine","address":"Rue Armand Dewolf 2","city":"H\u00e9l\u00e9cine","country":"Belgique","province":"Brabant wallon","zip":"1357","phone":"019 65 54 91","stateprovince":"Brabant wallon","geo_lat":50.7474441,"geo_lng":4.9753542,"json_ld":{"@type":"Place","name":"Ch\u00e2teau d&rsquo;H\u00e9l\u00e9cine","description":"","url":"https:\/\/chateaudhelecine.be\/fr\/lieu\/domaine-provincial-dhelecine\/","address":{"@type":"PostalAddress","streetAddress":"Rue Armand Dewolf 2","addressLocality":"H\u00e9l\u00e9cine","addressRegion":"Brabant wallon","postalCode":"1357","addressCountry":"Belgique"},"geo":{"@type":"GeoCoordinates","latitude":50.7474441,"longitude":4.9753542},"telephone":"019 65 54 91","sameAs":""},"show_map":true,"show_map_link":true,"global_id":"chateaudhelecine.be\/fr?id=19","global_id_lineage":["chateaudhelecine.be\/fr?id=19"]},"organizer":[],"json_ld":{"@context":"http:\/\/schema.org","@type":"Event","name":"Le Moyen-\u00c2ge au Ch\u00e2teau","description":"&lt;p&gt;ANIMATIONS TOUT AU LONG DE LA JOURNEE \u00e0 partir de 11h Vie de campement ouvert au public\u00a0; Animations de campements tels que la cuisine didactique, explication didactique du canon \u00e0 poudre noire, reproduction d\u2019un p\u00eacheur ; Combats courtois, rixes, travail du cuir et de la laine ; D\u00e9monstrations de tir \u00e0 l\u2019arc m\u00e9di\u00e9val ; Fa\u00e7onnage [&hellip;]&lt;\/p&gt;\\n","url":"https:\/\/chateaudhelecine.be\/fr\/event\/le-moyen-age-au-chateau-2\/","startDate":"2019-07-06T00:00:00+00:00","endDate":"2019-07-07T23:59:59+00:00","location":{"@type":"Place","name":"Ch\u00e2teau d&rsquo;H\u00e9l\u00e9cine","description":"","url":"https:\/\/chateaudhelecine.be\/fr\/lieu\/domaine-provincial-dhelecine\/","address":{"@type":"PostalAddress","streetAddress":"Rue Armand Dewolf 2","addressLocality":"H\u00e9l\u00e9cine","addressRegion":"Brabant wallon","postalCode":"1357","addressCountry":"Belgique"},"geo":{"@type":"GeoCoordinates","latitude":50.7474441,"longitude":4.9753542},"telephone":"019 65 54 91","sameAs":""}}}