{"id":6261,"global_id":"chateaudhelecine.be\/fr?id=6261","global_id_lineage":["chateaudhelecine.be\/fr?id=6261"],"author":"7","status":"publish","date":"2025-12-17 10:03:57","date_utc":"2025-12-17 10:03:57","modified":"2026-03-18 07:45:07","modified_utc":"2026-03-18 07:45:07","url":"https:\/\/chateaudhelecine.be\/fr\/event\/fete-du-printemps-et-sa-chasse-aux-pommes-de-pin\/","rest_url":"https:\/\/chateaudhelecine.be\/fr\/wp-json\/tribe\/events\/v1\/events\/6261","title":"F\u00eate du printemps et sa chasse aux pommes de pin","description":"<div class=\"xdj266r x14z9mp xat24cr x1lziwak x1vvkbs x126k92a\">\n<div dir=\"auto\">LA F\u00caTE DU PRINTEMPS! Le dimanche 29 mars, f\u00eatons le Printemps en famille dans le parc du Ch\u00e2teau, avec une chasse\u2026aux pommes de pin et les grandes retrouvailles du printemps!<\/div>\n<div dir=\"auto\"><\/div>\n<\/div>\n<div class=\"x14z9mp xat24cr x1lziwak x1vvkbs xtlvy1s x126k92a\">\n<div dir=\"auto\">Aidez-nous \u00e0 chasser l\u2019hiver pour accueillir le Printemps! De 10h30 \u00e0 17h, les enfants jusqu\u2019\u00e0 10 ans sont invit\u00e9s \u00e0 retrouver les pommes de pin dispers\u00e9es dans le parc! 1 noire, 1 jaune et 1 rouge! D\u00e8s qu\u2019ils ont trouv\u00e9 leurs 3 pommes de pin aux 3 couleurs, ils se rendent devant le grand panneau install\u00e9 pr\u00e8s du Pop Up Bar et ils les lancent en visant les trous pour chasser l\u2019hiver et faire de la place au printemps! Pour les remercier, les \u00e9quipes du Ch\u00e2teau leur offriront alors un sachet d\u2019\u0153ufs en chocolat! Ainsi, tout le monde gagne apr\u00e8s avoir bien cherch\u00e9!<\/div>\n<div dir=\"auto\"><\/div>\n<div dir=\"auto\">Mais aussi:<\/div>\n<div dir=\"auto\">&#8211; de 11h \u00e0 18h: mascottes, \u00e9chassiers, animateurs!<\/div>\n<div dir=\"auto\">&#8211; Le Marsupilami et Grand Lapin Blanc qui seront pr\u00e9sents!<\/div>\n<div dir=\"auto\">&#8211; La Brasserie et sa superbe terrasse face aux \u00e9tangs!<\/div>\n<div dir=\"auto\">&#8211; La plaine de jeux g\u00e9ante!<\/div>\n<div dir=\"auto\">&#8211; La structure a\u00e9rienne g\u00e9ante!<\/div>\n<div dir=\"auto\">&#8211; Les animaux du parc<\/div>\n<div dir=\"auto\">&#8211; Le minigolf<\/div>\n<div dir=\"auto\">&#8211; Les tables de ping-pong<\/div>\n<div dir=\"auto\">&#8211; \u2026<\/div>\n<\/div>\n<div class=\"x14z9mp xat24cr x1lziwak x1vvkbs xtlvy1s x126k92a\">\n<div dir=\"auto\">ENTR\u00c9E GRATUITE<\/div>\n<div dir=\"auto\">Petite restauration sur place<\/div>\n<div dir=\"auto\">Parkings P1 et P3 gratuits<\/div>\n<div dir=\"auto\">Places PMR aux parkings P1<\/div>\n<div dir=\"auto\"><\/div>\n<\/div>\n<div class=\"x14z9mp xat24cr x1lziwak x1vvkbs xtlvy1s x126k92a\">\n<div dir=\"auto\">Venez habill\u00e9s en fonction de la m\u00e9t\u00e9o car tout se d\u00e9roulera \u00e0 l\u2019ext\u00e9rieur.<\/div>\n<div dir=\"auto\"><\/div>\n<\/div>\n<div class=\"x14z9mp xat24cr x1lziwak x1vvkbs xtlvy1s x126k92a\">\n<div dir=\"auto\">Attention : en cas de mauvaise m\u00e9t\u00e9o, la date est susceptible de changer. Nous vous informerons de cela via Facebook.<\/div>\n<div dir=\"auto\">Abonnez-vous \u00e0 la page Facebook du Ch\u00e2teau pour \u00eatre inform\u00e9 des nombreuses activit\u00e9s tout au long de l\u2019ann\u00e9e.<\/div>\n<div dir=\"auto\"><\/div>\n<\/div>\n<div class=\"x14z9mp xat24cr x1lziwak x1vvkbs xtlvy1s x126k92a\">\n<div dir=\"auto\">Le Ch\u00e2teau d\u2019H\u00e9l\u00e9cine n\u2019a pas fini de vous surprendre!<\/div>\n<\/div>\n<p>&nbsp;<\/p>","excerpt":"","slug":"fete-du-printemps-et-sa-chasse-aux-pommes-de-pin","image":false,"all_day":true,"start_date":"2026-03-29 00:00:00","start_date_details":{"year":"2026","month":"03","day":"29","hour":"00","minutes":"00","seconds":"00"},"end_date":"2026-03-29 23:59:59","end_date_details":{"year":"2026","month":"03","day":"29","hour":"23","minutes":"59","seconds":"59"},"utc_start_date":"2026-03-29 00:00:00","utc_start_date_details":{"year":"2026","month":"03","day":"29","hour":"00","minutes":"00","seconds":"00"},"utc_end_date":"2026-03-29 23:59:59","utc_end_date_details":{"year":"2026","month":"03","day":"29","hour":"23","minutes":"59","seconds":"59"},"timezone":"UTC+0","timezone_abbr":"UTC+0","cost":"","cost_details":{"currency_symbol":"","currency_position":"suffix","values":[]},"website":"","show_map":true,"show_map_link":true,"hide_from_listings":false,"sticky":false,"featured":false,"categories":[],"tags":[],"venue":{"id":19,"author":"1","status":"publish","date":"2018-02-27 21:33:24","date_utc":"2018-02-27 21:33:24","modified":"2018-11-13 14:28:07","modified_utc":"2018-11-13 14:28:07","url":"https:\/\/chateaudhelecine.be\/fr\/lieu\/domaine-provincial-dhelecine\/","venue":"Ch\u00e2teau d&rsquo;H\u00e9l\u00e9cine","slug":"domaine-provincial-dhelecine","address":"Rue Armand Dewolf 2","city":"H\u00e9l\u00e9cine","country":"Belgique","province":"Brabant wallon","zip":"1357","phone":"019 65 54 91","stateprovince":"Brabant wallon","geo_lat":50.7474441,"geo_lng":4.9753542,"json_ld":{"@type":"Place","name":"Ch\u00e2teau d&rsquo;H\u00e9l\u00e9cine","description":"","url":"https:\/\/chateaudhelecine.be\/fr\/lieu\/domaine-provincial-dhelecine\/","address":{"@type":"PostalAddress","streetAddress":"Rue Armand Dewolf 2","addressLocality":"H\u00e9l\u00e9cine","addressRegion":"Brabant wallon","postalCode":"1357","addressCountry":"Belgique"},"geo":{"@type":"GeoCoordinates","latitude":50.7474441,"longitude":4.9753542},"telephone":"019 65 54 91","sameAs":""},"show_map":true,"show_map_link":true,"global_id":"chateaudhelecine.be\/fr?id=19","global_id_lineage":["chateaudhelecine.be\/fr?id=19"]},"organizer":[],"json_ld":{"@context":"http:\/\/schema.org","@type":"Event","name":"F\u00eate du printemps et sa chasse aux pommes de pin","description":"&lt;p&gt;LA F\u00caTE DU PRINTEMPS! Le dimanche 29 mars, f\u00eatons le Printemps en famille dans le parc du Ch\u00e2teau, avec une chasse\u2026aux pommes de pin et les grandes retrouvailles du printemps! Aidez-nous \u00e0 chasser l\u2019hiver pour accueillir le Printemps! De 10h30 \u00e0 17h, les enfants jusqu\u2019\u00e0 10 ans sont invit\u00e9s \u00e0 retrouver les pommes de pin [&hellip;]&lt;\/p&gt;\\n","url":"https:\/\/chateaudhelecine.be\/fr\/event\/fete-du-printemps-et-sa-chasse-aux-pommes-de-pin\/","startDate":"2026-03-29T00:00:00+00:00","endDate":"2026-03-29T23:59:59+00:00","location":{"@type":"Place","name":"Ch\u00e2teau d&rsquo;H\u00e9l\u00e9cine","description":"","url":"https:\/\/chateaudhelecine.be\/fr\/lieu\/domaine-provincial-dhelecine\/","address":{"@type":"PostalAddress","streetAddress":"Rue Armand Dewolf 2","addressLocality":"H\u00e9l\u00e9cine","addressRegion":"Brabant wallon","postalCode":"1357","addressCountry":"Belgique"},"geo":{"@type":"GeoCoordinates","latitude":50.7474441,"longitude":4.9753542},"telephone":"019 65 54 91","sameAs":""}}}